{"id":3587,"date":"2025-01-10T15:53:55","date_gmt":"2025-01-10T15:53:55","guid":{"rendered":"https:\/\/antracit.eu\/rozsirujeme-priemyselny-areal-v-usti-nad-labem\/"},"modified":"2025-03-09T08:17:16","modified_gmt":"2025-03-09T08:17:16","slug":"rozsirujeme-priemyselny-areal-v-usti-nad-labem","status":"publish","type":"post","link":"https:\/\/antracit.eu\/sk\/rozsirujeme-priemyselny-areal-v-usti-nad-labem\/","title":{"rendered":"Roz\u0161irujeme priemyseln\u00fd are\u00e1l v \u00dast\u00ed nad Labem"},"content":{"rendered":"<section class=\"text\">\n  <div class=\"container\">\n    <div class=\"row\">\n      <div class=\"col-12 text-wrap\">\n        <p style=\"text-align: left;\">S\u00fa\u010das\u0165ou realiz\u00e1cie je aj vybudovanie odbo\u010dovacieho pruhu na ul. Pr\u00edstavn\u00e9, \u010do zaist\u00ed lep\u0161iu dostupnos\u0165 pre n\u00e1jomcov i z\u00e1kazn\u00edkov. <\/p>      <\/div>\n    <\/div>\n  <\/div>\n<\/section>\n<section class=\"text\">\n  <div class=\"container\">\n    <div class=\"row\">\n      <div class=\"col-12 text-wrap\">\n        <p style=\"text-align: left;\">\u010eAL\u0160IE VO\u013dN\u00c9 PRIESTORY NA PREN\u00c1JOM:\nV na\u0161om priemyselnom are\u00e1li n\u00e1jdete objekty vhodn\u00e9 na skladovanie, logistiku, v\u00fdrobu, obchod aj administrat\u00edvu.\nPre kr\u00e1tkodob\u00fd aj dlhodob\u00fd pren\u00e1jom.\nLokalita s v\u00fdbornou dostupnos\u0165ou &#8211; v bl\u00edzkosti n\u00e1kladn\u00e9ho pr\u00edstavu a hlavn\u00fdch \u0165ahov na Prahu, D\u011b\u010d\u00edn a Nemecko.\nDostatok parkovac\u00edch a manipula\u010dn\u00fdch pl\u00f4ch pri v\u0161etk\u00fdch budov\u00e1ch.\n<\/p>      <\/div>\n    <\/div>\n  <\/div>\n<\/section>\n<section class=\"image-component\">\n  <div class=\"container\">\n    <div class=\"row\" style=\"\">\n      <div class=\"col-12 col-md-12 image-wrap\">\n        <picture><source media=\"(min-width: 0px) and (max-width: 767px)\" srcset=\"https:\/\/antracit.eu\/wp-content\/uploads\/2025\/01\/usti-1366x1366.jpg\"><source media=\"(min-width: 768px) and (max-width: 1023px)\" srcset=\"https:\/\/antracit.eu\/wp-content\/uploads\/2025\/01\/usti-1366x1366.jpg\"><source media=\"(min-width: 1024px) and (max-width: 1439px)\" srcset=\"https:\/\/antracit.eu\/wp-content\/uploads\/2025\/01\/usti-1366x1366.jpg\"><img src=\"https:\/\/antracit.eu\/wp-content\/uploads\/2025\/01\/usti-1366x1366.jpg\" decoding=\"async\" alt=\"\u00fast\u00ed\" loading=\"lazy\" style=\"width: 100%; border-radius: px;\" width=\"1366\" height=\"1366\"\/><\/picture>      <\/div>\n    <\/div>\n  <\/div>\n<\/section>\n","protected":false},"excerpt":{"rendered":"<p>10. 1. 2025 \/ Zah\u00e1jili sme v\u00fdstavbu novej obchodnej haly o ploche 662 m\u00b2, ktor\u00e1 zapln\u00ed doteraz nevyu\u017eit\u00fa prieluku a u\u017e teraz pozn\u00e1 svojho n\u00e1jomcu. Term\u00edn dokon\u010denia: m\u00e1j 2025  <\/p>\n","protected":false},"author":2,"featured_media":3203,"comment_status":"closed","ping_status":"open","sticky":false,"template":"","format":"standard","meta":{"footnotes":""},"categories":[3],"tags":[],"class_list":["post-3587","post","type-post","status-publish","format-standard","has-post-thumbnail","hentry","category-clanok"],"yoast_head":"<!-- This site is optimized with the Yoast SEO plugin v27.3 - https:\/\/yoast.com\/product\/yoast-seo-wordpress\/ -->\n<title>Roz\u0161irujeme priemyseln\u00fd are\u00e1l v \u00dast\u00ed nad Labem - Antracit<\/title>\n<meta name=\"robots\" content=\"index, follow, max-snippet:-1, max-image-preview:large, max-video-preview:-1\" \/>\n<link rel=\"canonical\" href=\"https:\/\/antracit.eu\/sk\/rozsirujeme-priemyselny-areal-v-usti-nad-labem\/\" \/>\n<meta property=\"og:locale\" content=\"sk_SK\" \/>\n<meta property=\"og:type\" content=\"article\" \/>\n<meta property=\"og:title\" content=\"Roz\u0161irujeme priemyseln\u00fd are\u00e1l v \u00dast\u00ed nad Labem - Antracit\" \/>\n<meta property=\"og:description\" content=\"10. 1. 2025 \/ Zah\u00e1jili sme v\u00fdstavbu novej obchodnej haly o ploche 662 m\u00b2, ktor\u00e1 zapln\u00ed doteraz nevyu\u017eit\u00fa prieluku a u\u017e teraz pozn\u00e1 svojho n\u00e1jomcu. Term\u00edn dokon\u010denia: m\u00e1j 2025\" \/>\n<meta property=\"og:url\" content=\"https:\/\/antracit.eu\/sk\/rozsirujeme-priemyselny-areal-v-usti-nad-labem\/\" \/>\n<meta property=\"og:site_name\" content=\"Antracit\" \/>\n<meta property=\"article:published_time\" content=\"2025-01-10T15:53:55+00:00\" \/>\n<meta property=\"article:modified_time\" content=\"2025-03-09T08:17:16+00:00\" \/>\n<meta property=\"og:image\" content=\"https:\/\/antracit.eu\/wp-content\/uploads\/2025\/01\/usti.jpg\" \/>\n\t<meta property=\"og:image:width\" content=\"1600\" \/>\n\t<meta property=\"og:image:height\" content=\"1200\" \/>\n\t<meta property=\"og:image:type\" content=\"image\/jpeg\" \/>\n<meta name=\"author\" content=\"Ond\u0159ej Peterka\" \/>\n<meta name=\"twitter:card\" content=\"summary_large_image\" \/>\n<meta name=\"twitter:label1\" content=\"Autor\" \/>\n\t<meta name=\"twitter:data1\" content=\"Ond\u0159ej Peterka\" \/>\n<script type=\"application\/ld+json\" class=\"yoast-schema-graph\">{\"@context\":\"https:\\\/\\\/schema.org\",\"@graph\":[{\"@type\":\"Article\",\"@id\":\"https:\\\/\\\/antracit.eu\\\/sk\\\/rozsirujeme-priemyselny-areal-v-usti-nad-labem\\\/#article\",\"isPartOf\":{\"@id\":\"https:\\\/\\\/antracit.eu\\\/sk\\\/rozsirujeme-priemyselny-areal-v-usti-nad-labem\\\/\"},\"author\":{\"name\":\"Ond\u0159ej Peterka\",\"@id\":\"https:\\\/\\\/antracit.eu\\\/#\\\/schema\\\/person\\\/80eb8fd47059215985e721fe1991c0d1\"},\"headline\":\"Roz\u0161irujeme priemyseln\u00fd are\u00e1l v \u00dast\u00ed nad Labem\",\"datePublished\":\"2025-01-10T15:53:55+00:00\",\"dateModified\":\"2025-03-09T08:17:16+00:00\",\"mainEntityOfPage\":{\"@id\":\"https:\\\/\\\/antracit.eu\\\/sk\\\/rozsirujeme-priemyselny-areal-v-usti-nad-labem\\\/\"},\"wordCount\":9,\"publisher\":{\"@id\":\"https:\\\/\\\/antracit.eu\\\/#organization\"},\"image\":{\"@id\":\"https:\\\/\\\/antracit.eu\\\/sk\\\/rozsirujeme-priemyselny-areal-v-usti-nad-labem\\\/#primaryimage\"},\"thumbnailUrl\":\"https:\\\/\\\/antracit.eu\\\/wp-content\\\/uploads\\\/2025\\\/01\\\/usti.jpg\",\"articleSection\":[\"\u010cl\u00e1nok\"],\"inLanguage\":\"sk-SK\"},{\"@type\":\"WebPage\",\"@id\":\"https:\\\/\\\/antracit.eu\\\/sk\\\/rozsirujeme-priemyselny-areal-v-usti-nad-labem\\\/\",\"url\":\"https:\\\/\\\/antracit.eu\\\/sk\\\/rozsirujeme-priemyselny-areal-v-usti-nad-labem\\\/\",\"name\":\"Roz\u0161irujeme priemyseln\u00fd are\u00e1l v \u00dast\u00ed nad Labem - Antracit\",\"isPartOf\":{\"@id\":\"https:\\\/\\\/antracit.eu\\\/#website\"},\"primaryImageOfPage\":{\"@id\":\"https:\\\/\\\/antracit.eu\\\/sk\\\/rozsirujeme-priemyselny-areal-v-usti-nad-labem\\\/#primaryimage\"},\"image\":{\"@id\":\"https:\\\/\\\/antracit.eu\\\/sk\\\/rozsirujeme-priemyselny-areal-v-usti-nad-labem\\\/#primaryimage\"},\"thumbnailUrl\":\"https:\\\/\\\/antracit.eu\\\/wp-content\\\/uploads\\\/2025\\\/01\\\/usti.jpg\",\"datePublished\":\"2025-01-10T15:53:55+00:00\",\"dateModified\":\"2025-03-09T08:17:16+00:00\",\"breadcrumb\":{\"@id\":\"https:\\\/\\\/antracit.eu\\\/sk\\\/rozsirujeme-priemyselny-areal-v-usti-nad-labem\\\/#breadcrumb\"},\"inLanguage\":\"sk-SK\",\"potentialAction\":[{\"@type\":\"ReadAction\",\"target\":[\"https:\\\/\\\/antracit.eu\\\/sk\\\/rozsirujeme-priemyselny-areal-v-usti-nad-labem\\\/\"]}]},{\"@type\":\"ImageObject\",\"inLanguage\":\"sk-SK\",\"@id\":\"https:\\\/\\\/antracit.eu\\\/sk\\\/rozsirujeme-priemyselny-areal-v-usti-nad-labem\\\/#primaryimage\",\"url\":\"https:\\\/\\\/antracit.eu\\\/wp-content\\\/uploads\\\/2025\\\/01\\\/usti.jpg\",\"contentUrl\":\"https:\\\/\\\/antracit.eu\\\/wp-content\\\/uploads\\\/2025\\\/01\\\/usti.jpg\",\"width\":1600,\"height\":1200},{\"@type\":\"BreadcrumbList\",\"@id\":\"https:\\\/\\\/antracit.eu\\\/sk\\\/rozsirujeme-priemyselny-areal-v-usti-nad-labem\\\/#breadcrumb\",\"itemListElement\":[{\"@type\":\"ListItem\",\"position\":1,\"name\":\"Home\",\"item\":\"https:\\\/\\\/antracit.eu\\\/sk\\\/\"},{\"@type\":\"ListItem\",\"position\":2,\"name\":\"Roz\u0161irujeme priemyseln\u00fd are\u00e1l v \u00dast\u00ed nad Labem\"}]},{\"@type\":\"WebSite\",\"@id\":\"https:\\\/\\\/antracit.eu\\\/#website\",\"url\":\"https:\\\/\\\/antracit.eu\\\/\",\"name\":\"Antracit\",\"description\":\"\",\"publisher\":{\"@id\":\"https:\\\/\\\/antracit.eu\\\/#organization\"},\"potentialAction\":[{\"@type\":\"SearchAction\",\"target\":{\"@type\":\"EntryPoint\",\"urlTemplate\":\"https:\\\/\\\/antracit.eu\\\/?s={search_term_string}\"},\"query-input\":{\"@type\":\"PropertyValueSpecification\",\"valueRequired\":true,\"valueName\":\"search_term_string\"}}],\"inLanguage\":\"sk-SK\"},{\"@type\":\"Organization\",\"@id\":\"https:\\\/\\\/antracit.eu\\\/#organization\",\"name\":\"Antracitproperty\",\"url\":\"https:\\\/\\\/antracit.eu\\\/\",\"logo\":{\"@type\":\"ImageObject\",\"inLanguage\":\"sk-SK\",\"@id\":\"https:\\\/\\\/antracit.eu\\\/#\\\/schema\\\/logo\\\/image\\\/\",\"url\":\"http:\\\/\\\/antracit.eu\\\/wp-content\\\/uploads\\\/2024\\\/07\\\/Frame-2741.svg\",\"contentUrl\":\"http:\\\/\\\/antracit.eu\\\/wp-content\\\/uploads\\\/2024\\\/07\\\/Frame-2741.svg\",\"width\":98,\"height\":43,\"caption\":\"Antracitproperty\"},\"image\":{\"@id\":\"https:\\\/\\\/antracit.eu\\\/#\\\/schema\\\/logo\\\/image\\\/\"}},{\"@type\":\"Person\",\"@id\":\"https:\\\/\\\/antracit.eu\\\/#\\\/schema\\\/person\\\/80eb8fd47059215985e721fe1991c0d1\",\"name\":\"Ond\u0159ej Peterka\",\"image\":{\"@type\":\"ImageObject\",\"inLanguage\":\"sk-SK\",\"@id\":\"https:\\\/\\\/secure.gravatar.com\\\/avatar\\\/7593ef23ce665919e65abc0c4021ae08024e25d4b7cfe2068aa9c291e4fdc1ee?s=96&d=mm&r=g\",\"url\":\"https:\\\/\\\/secure.gravatar.com\\\/avatar\\\/7593ef23ce665919e65abc0c4021ae08024e25d4b7cfe2068aa9c291e4fdc1ee?s=96&d=mm&r=g\",\"contentUrl\":\"https:\\\/\\\/secure.gravatar.com\\\/avatar\\\/7593ef23ce665919e65abc0c4021ae08024e25d4b7cfe2068aa9c291e4fdc1ee?s=96&d=mm&r=g\",\"caption\":\"Ond\u0159ej Peterka\"},\"url\":\"https:\\\/\\\/antracit.eu\\\/sk\\\/author\\\/ondrej-peterka\\\/\"}]}<\/script>\n<!-- \/ Yoast SEO plugin. -->","yoast_head_json":{"title":"Roz\u0161irujeme priemyseln\u00fd are\u00e1l v \u00dast\u00ed nad Labem - Antracit","robots":{"index":"index","follow":"follow","max-snippet":"max-snippet:-1","max-image-preview":"max-image-preview:large","max-video-preview":"max-video-preview:-1"},"canonical":"https:\/\/antracit.eu\/sk\/rozsirujeme-priemyselny-areal-v-usti-nad-labem\/","og_locale":"sk_SK","og_type":"article","og_title":"Roz\u0161irujeme priemyseln\u00fd are\u00e1l v \u00dast\u00ed nad Labem - Antracit","og_description":"10. 1. 2025 \/ Zah\u00e1jili sme v\u00fdstavbu novej obchodnej haly o ploche 662 m\u00b2, ktor\u00e1 zapln\u00ed doteraz nevyu\u017eit\u00fa prieluku a u\u017e teraz pozn\u00e1 svojho n\u00e1jomcu. Term\u00edn dokon\u010denia: m\u00e1j 2025","og_url":"https:\/\/antracit.eu\/sk\/rozsirujeme-priemyselny-areal-v-usti-nad-labem\/","og_site_name":"Antracit","article_published_time":"2025-01-10T15:53:55+00:00","article_modified_time":"2025-03-09T08:17:16+00:00","og_image":[{"width":1600,"height":1200,"url":"https:\/\/antracit.eu\/wp-content\/uploads\/2025\/01\/usti.jpg","type":"image\/jpeg"}],"author":"Ond\u0159ej Peterka","twitter_card":"summary_large_image","twitter_misc":{"Autor":"Ond\u0159ej Peterka"},"schema":{"@context":"https:\/\/schema.org","@graph":[{"@type":"Article","@id":"https:\/\/antracit.eu\/sk\/rozsirujeme-priemyselny-areal-v-usti-nad-labem\/#article","isPartOf":{"@id":"https:\/\/antracit.eu\/sk\/rozsirujeme-priemyselny-areal-v-usti-nad-labem\/"},"author":{"name":"Ond\u0159ej Peterka","@id":"https:\/\/antracit.eu\/#\/schema\/person\/80eb8fd47059215985e721fe1991c0d1"},"headline":"Roz\u0161irujeme priemyseln\u00fd are\u00e1l v \u00dast\u00ed nad Labem","datePublished":"2025-01-10T15:53:55+00:00","dateModified":"2025-03-09T08:17:16+00:00","mainEntityOfPage":{"@id":"https:\/\/antracit.eu\/sk\/rozsirujeme-priemyselny-areal-v-usti-nad-labem\/"},"wordCount":9,"publisher":{"@id":"https:\/\/antracit.eu\/#organization"},"image":{"@id":"https:\/\/antracit.eu\/sk\/rozsirujeme-priemyselny-areal-v-usti-nad-labem\/#primaryimage"},"thumbnailUrl":"https:\/\/antracit.eu\/wp-content\/uploads\/2025\/01\/usti.jpg","articleSection":["\u010cl\u00e1nok"],"inLanguage":"sk-SK"},{"@type":"WebPage","@id":"https:\/\/antracit.eu\/sk\/rozsirujeme-priemyselny-areal-v-usti-nad-labem\/","url":"https:\/\/antracit.eu\/sk\/rozsirujeme-priemyselny-areal-v-usti-nad-labem\/","name":"Roz\u0161irujeme priemyseln\u00fd are\u00e1l v \u00dast\u00ed nad Labem - Antracit","isPartOf":{"@id":"https:\/\/antracit.eu\/#website"},"primaryImageOfPage":{"@id":"https:\/\/antracit.eu\/sk\/rozsirujeme-priemyselny-areal-v-usti-nad-labem\/#primaryimage"},"image":{"@id":"https:\/\/antracit.eu\/sk\/rozsirujeme-priemyselny-areal-v-usti-nad-labem\/#primaryimage"},"thumbnailUrl":"https:\/\/antracit.eu\/wp-content\/uploads\/2025\/01\/usti.jpg","datePublished":"2025-01-10T15:53:55+00:00","dateModified":"2025-03-09T08:17:16+00:00","breadcrumb":{"@id":"https:\/\/antracit.eu\/sk\/rozsirujeme-priemyselny-areal-v-usti-nad-labem\/#breadcrumb"},"inLanguage":"sk-SK","potentialAction":[{"@type":"ReadAction","target":["https:\/\/antracit.eu\/sk\/rozsirujeme-priemyselny-areal-v-usti-nad-labem\/"]}]},{"@type":"ImageObject","inLanguage":"sk-SK","@id":"https:\/\/antracit.eu\/sk\/rozsirujeme-priemyselny-areal-v-usti-nad-labem\/#primaryimage","url":"https:\/\/antracit.eu\/wp-content\/uploads\/2025\/01\/usti.jpg","contentUrl":"https:\/\/antracit.eu\/wp-content\/uploads\/2025\/01\/usti.jpg","width":1600,"height":1200},{"@type":"BreadcrumbList","@id":"https:\/\/antracit.eu\/sk\/rozsirujeme-priemyselny-areal-v-usti-nad-labem\/#breadcrumb","itemListElement":[{"@type":"ListItem","position":1,"name":"Home","item":"https:\/\/antracit.eu\/sk\/"},{"@type":"ListItem","position":2,"name":"Roz\u0161irujeme priemyseln\u00fd are\u00e1l v \u00dast\u00ed nad Labem"}]},{"@type":"WebSite","@id":"https:\/\/antracit.eu\/#website","url":"https:\/\/antracit.eu\/","name":"Antracit","description":"","publisher":{"@id":"https:\/\/antracit.eu\/#organization"},"potentialAction":[{"@type":"SearchAction","target":{"@type":"EntryPoint","urlTemplate":"https:\/\/antracit.eu\/?s={search_term_string}"},"query-input":{"@type":"PropertyValueSpecification","valueRequired":true,"valueName":"search_term_string"}}],"inLanguage":"sk-SK"},{"@type":"Organization","@id":"https:\/\/antracit.eu\/#organization","name":"Antracitproperty","url":"https:\/\/antracit.eu\/","logo":{"@type":"ImageObject","inLanguage":"sk-SK","@id":"https:\/\/antracit.eu\/#\/schema\/logo\/image\/","url":"http:\/\/antracit.eu\/wp-content\/uploads\/2024\/07\/Frame-2741.svg","contentUrl":"http:\/\/antracit.eu\/wp-content\/uploads\/2024\/07\/Frame-2741.svg","width":98,"height":43,"caption":"Antracitproperty"},"image":{"@id":"https:\/\/antracit.eu\/#\/schema\/logo\/image\/"}},{"@type":"Person","@id":"https:\/\/antracit.eu\/#\/schema\/person\/80eb8fd47059215985e721fe1991c0d1","name":"Ond\u0159ej Peterka","image":{"@type":"ImageObject","inLanguage":"sk-SK","@id":"https:\/\/secure.gravatar.com\/avatar\/7593ef23ce665919e65abc0c4021ae08024e25d4b7cfe2068aa9c291e4fdc1ee?s=96&d=mm&r=g","url":"https:\/\/secure.gravatar.com\/avatar\/7593ef23ce665919e65abc0c4021ae08024e25d4b7cfe2068aa9c291e4fdc1ee?s=96&d=mm&r=g","contentUrl":"https:\/\/secure.gravatar.com\/avatar\/7593ef23ce665919e65abc0c4021ae08024e25d4b7cfe2068aa9c291e4fdc1ee?s=96&d=mm&r=g","caption":"Ond\u0159ej Peterka"},"url":"https:\/\/antracit.eu\/sk\/author\/ondrej-peterka\/"}]}},"card_html":"<div class=\"container\">\n    <div class=\"post-card row\" onclick=\"window.location.href=''\">\n        <div class=\"col-6 col-md-12\">\n            <div class=\"content\">\n                <h2 class=\"title\">\n                                    <\/h2>\n                <p class=\"excerpt\">\n                                    <\/p>\n                <a href=\"\" class=\"button\">\n                    \u010c\u00edta\u0165 viac                <\/a>\n            <\/div>\n        <\/div>\n\n        <div class=\"col-6 col-md-12\">\n                                    <img class=\"default\" src=\"https:\/\/antracit.eu\/wp-content\/themes\/inoby-antracit\/assets\/svg\/logo.svg\" alt=\"logo\">\n                    <\/div>\n\n    <\/div>\n<\/div>","_links":{"self":[{"href":"https:\/\/antracit.eu\/sk\/wp-json\/wp\/v2\/posts\/3587","targetHints":{"allow":["GET"]}}],"collection":[{"href":"https:\/\/antracit.eu\/sk\/wp-json\/wp\/v2\/posts"}],"about":[{"href":"https:\/\/antracit.eu\/sk\/wp-json\/wp\/v2\/types\/post"}],"author":[{"embeddable":true,"href":"https:\/\/antracit.eu\/sk\/wp-json\/wp\/v2\/users\/2"}],"replies":[{"embeddable":true,"href":"https:\/\/antracit.eu\/sk\/wp-json\/wp\/v2\/comments?post=3587"}],"version-history":[{"count":1,"href":"https:\/\/antracit.eu\/sk\/wp-json\/wp\/v2\/posts\/3587\/revisions"}],"predecessor-version":[{"id":3588,"href":"https:\/\/antracit.eu\/sk\/wp-json\/wp\/v2\/posts\/3587\/revisions\/3588"}],"wp:featuredmedia":[{"embeddable":true,"href":"https:\/\/antracit.eu\/sk\/wp-json\/wp\/v2\/media\/3203"}],"wp:attachment":[{"href":"https:\/\/antracit.eu\/sk\/wp-json\/wp\/v2\/media?parent=3587"}],"wp:term":[{"taxonomy":"category","embeddable":true,"href":"https:\/\/antracit.eu\/sk\/wp-json\/wp\/v2\/categories?post=3587"},{"taxonomy":"post_tag","embeddable":true,"href":"https:\/\/antracit.eu\/sk\/wp-json\/wp\/v2\/tags?post=3587"}],"curies":[{"name":"wp","href":"https:\/\/api.w.org\/{rel}","templated":true}]}}